{"id":5652,"date":"2025-01-29T08:37:42","date_gmt":"2025-01-29T08:37:42","guid":{"rendered":"https:\/\/integriscomposites.com\/initiative-pour-lelectricite-verte\/"},"modified":"2025-03-10T06:28:38","modified_gmt":"2025-03-10T06:28:38","slug":"initiative-pour-lelectricite-verte","status":"publish","type":"post","link":"https:\/\/integriscomposites.com\/fr\/initiative-pour-lelectricite-verte\/","title":{"rendered":"Initiative pour l&rsquo;\u00e9lectricit\u00e9 verte"},"content":{"rendered":"<p>[et_pb_section fb_built=\u00a0\u00bb1&Prime; _builder_version=\u00a0\u00bb4.27.0&Prime; _module_preset=\u00a0\u00bbdefault\u00a0\u00bb custom_padding=\u00a0\u00bb2%|5%|2%|5%|true|true\u00a0\u00bb global_colors_info=\u00a0\u00bb{}\u00a0\u00bb][et_pb_row _builder_version=\u00a0\u00bb4.27.0&Prime; _module_preset=\u00a0\u00bbdefault\u00a0\u00bb width=\u00a0\u00bb100%\u00a0\u00bb max_width=\u00a0\u00bb950px\u00a0\u00bb custom_padding=\u00a0\u00bb5px||5px||true|false\u00a0\u00bb global_colors_info=\u00a0\u00bb{}\u00a0\u00bb][et_pb_column type=\u00a0\u00bb4_4&Prime; _builder_version=\u00a0\u00bb4.27.0&Prime; _module_preset=\u00a0\u00bbdefault\u00a0\u00bb global_colors_info=\u00a0\u00bb{}\u00a0\u00bb][et_pb_text _builder_version=\u00a0\u00bb4.27.0&Prime; _module_preset=\u00a0\u00bb75244c77-7bf4-4c3f-a873-54cc93ac7c1e\u00a0\u00bb hover_enabled=\u00a0\u00bb0&Prime; global_colors_info=\u00a0\u00bb{}\u00a0\u00bb sticky_enabled=\u00a0\u00bb0&Prime;]<\/p>\n<p>Integris Composites est l&rsquo;un des principaux d\u00e9veloppeurs et fabricants de mat\u00e9riaux de haute performance dans le domaine des composites avanc\u00e9s. L&rsquo;entreprise s&rsquo;engage aujourd&rsquo;hui davantage en faveur du d\u00e9veloppement durable en achetant de l&rsquo;<strong>\u00e9lectricit\u00e9 verte<\/strong> pour ses installations au Danemark.<\/p>\n<p><span style=\"font-weight: 400;\">\u00c0 partir de janvier 2025 et pendant les trois ann\u00e9es suivantes, l\u2019entreprise ach\u00e8tera des certificats \u00e9quivalant \u00e0 1 100 000 kWh d&rsquo;\u00e9lectricit\u00e9 par an, d\u00e9livr\u00e9s du parc solaire de Kvosted. Ces certificats attestent que la consommation \u00e9lectrique de l&rsquo;entreprise est enti\u00e8rement compens\u00e9e par de l\u2019<\/span><a href=\"https:\/\/integriscomposites.com\/environmentally-friendly-ballistics\/\"><span style=\"font-weight: 400;\">\u00e9nergie verte<\/span><\/a><span style=\"font-weight: 400;\">, produite exclusivement par des cellules solaires, document\u00e9e par des garanties d\u2019origine approuv\u00e9es par des auditeurs.<\/span><\/p>\n<p>L&rsquo;utilisation de sources d&rsquo;\u00e9nergie renouvelables pour la production fait naturellement partie de l&rsquo;<a href=\"https:\/\/integriscomposites.com\/fr\/gse\/\">engagement de la soci\u00e9t\u00e9 en faveur du d\u00e9veloppement durable<\/a> et constitue une \u00e9tape importante dans la r\u00e9duction de l&#8217;empreinte carbone. En plus de s&rsquo;approvisionner en \u00e9nergie verte, Integris explore activement des projets potentiels d&rsquo;optimisation \u00e9nerg\u00e9tique afin d&rsquo;am\u00e9liorer encore l&rsquo;efficacit\u00e9 et la durabilit\u00e9 de ses op\u00e9rations.<\/p>\n<p>[\/et_pb_text][\/et_pb_column][\/et_pb_row][et_pb_row column_structure=\u00a0\u00bb1_2,1_2&Prime; _builder_version=\u00a0\u00bb4.27.0&Prime; _module_preset=\u00a0\u00bbdefault\u00a0\u00bb width=\u00a0\u00bb100%\u00a0\u00bb max_width=\u00a0\u00bb950px\u00a0\u00bb custom_padding=\u00a0\u00bb15px||15px||true|false\u00a0\u00bb collapsed=\u00a0\u00bbon\u00a0\u00bb global_colors_info=\u00a0\u00bb{}\u00a0\u00bb][et_pb_column type=\u00a0\u00bb1_2&Prime; _builder_version=\u00a0\u00bb4.27.0&Prime; _module_preset=\u00a0\u00bbdefault\u00a0\u00bb global_colors_info=\u00a0\u00bb{}\u00a0\u00bb][et_pb_image src=\u00a0\u00bbhttps:\/\/integriscomposites.com\/wp-content\/uploads\/2024\/11\/ballstic-protection-france-1.jpg\u00a0\u00bb alt=\u00a0\u00bbballstic protection france\u00a0\u00bb title_text=\u00a0\u00bbballstic protection france 1&Prime; _builder_version=\u00a0\u00bb4.27.0&Prime; _module_preset=\u00a0\u00bbdefault\u00a0\u00bb global_colors_info=\u00a0\u00bb{}\u00a0\u00bb][\/et_pb_image][\/et_pb_column][et_pb_column type=\u00a0\u00bb1_2&Prime; _builder_version=\u00a0\u00bb4.27.0&Prime; _module_preset=\u00a0\u00bbdefault\u00a0\u00bb global_colors_info=\u00a0\u00bb{}\u00a0\u00bb][et_pb_image src=\u00a0\u00bbhttps:\/\/integriscomposites.com\/wp-content\/uploads\/2024\/11\/ballstic-protection-france-3.jpg\u00a0\u00bb alt=\u00a0\u00bbballstic protection france\u00a0\u00bb title_text=\u00a0\u00bbballstic protection france 3&Prime; _builder_version=\u00a0\u00bb4.27.0&Prime; _module_preset=\u00a0\u00bbdefault\u00a0\u00bb global_colors_info=\u00a0\u00bb{}\u00a0\u00bb][\/et_pb_image][\/et_pb_column][\/et_pb_row][et_pb_row _builder_version=\u00a0\u00bb4.27.0&Prime; _module_preset=\u00a0\u00bbdefault\u00a0\u00bb width=\u00a0\u00bb100%\u00a0\u00bb max_width=\u00a0\u00bb950px\u00a0\u00bb global_colors_info=\u00a0\u00bb{}\u00a0\u00bb][et_pb_column type=\u00a0\u00bb4_4&Prime; _builder_version=\u00a0\u00bb4.27.0&Prime; _module_preset=\u00a0\u00bbdefault\u00a0\u00bb global_colors_info=\u00a0\u00bb{}\u00a0\u00bb][et_pb_text _builder_version=\u00a0\u00bb4.27.0&Prime; _module_preset=\u00a0\u00bb75244c77-7bf4-4c3f-a873-54cc93ac7c1e\u00a0\u00bb locked=\u00a0\u00bboff\u00a0\u00bb global_colors_info=\u00a0\u00bb{}\u00a0\u00bb]<\/p>\n<h3>Engagement envers les principes ESG<\/h3>\n<p>Cette d\u00e9cision marque \u00e9galement la poursuite des efforts incessants d&rsquo;Integris en mati\u00e8re de pratiques ESG, dans le cadre de sa progression vers un avenir durable. Outre les mesures environnementales, Integris a mis l&rsquo;accent sur la responsabilit\u00e9 de l&rsquo;entreprise en ce qui concerne les aspects sociaux et de gouvernance. La soci\u00e9t\u00e9 s&rsquo;est engag\u00e9e \u00e0 aligner ses op\u00e9rations sur les meilleures pratiques durables, en promouvant la transparence, l&rsquo;efficacit\u00e9 et l&rsquo;<a href=\"https:\/\/integriscomposites.com\/technologies\/\">innovation<\/a>.  <\/p>\n<p>\u00ab\u00a0L&rsquo;approvisionnement en \u00e9nergie renouvelable est une \u00e9tape naturelle dans notre parcours vers une production plus durable. Toutefois, il est essentiel que cette initiative ne soit pas isol\u00e9e. Le d\u00e9veloppement durable devrait \u00eatre aussi naturel pour notre entreprise que la fabrication de produits de haute qualit\u00e9.\u00a0\u00bb &#8211; Stine Bech Aakerlund, responsable de l&rsquo;am\u00e9lioration continue chez Integris Composites<\/p>\n<p>[\/et_pb_text][\/et_pb_column][\/et_pb_row][et_pb_row column_structure=\u00a0\u00bb1_2,1_2&Prime; _builder_version=\u00a0\u00bb4.27.0&Prime; _module_preset=\u00a0\u00bbdefault\u00a0\u00bb width=\u00a0\u00bb100%\u00a0\u00bb max_width=\u00a0\u00bb950px\u00a0\u00bb custom_padding=\u00a0\u00bb15px||15px||true|false\u00a0\u00bb collapsed=\u00a0\u00bbon\u00a0\u00bb global_colors_info=\u00a0\u00bb{}\u00a0\u00bb][et_pb_column type=\u00a0\u00bb1_2&Prime; _builder_version=\u00a0\u00bb4.27.0&Prime; _module_preset=\u00a0\u00bbdefault\u00a0\u00bb global_colors_info=\u00a0\u00bb{}\u00a0\u00bb][et_pb_image src=\u00a0\u00bbhttps:\/\/integriscomposites.com\/wp-content\/uploads\/2024\/10\/ballistics-denmark-1.jpg\u00a0\u00bb alt=\u00a0\u00bbarmoire balistique\u00a0\u00bb title_text=\u00a0\u00bbbalistique-danemark\u00a0\u00bb _builder_version=\u00a0\u00bb4.27.0&Prime; _module_preset=\u00a0\u00bbdefault\u00a0\u00bb global_colors_info=\u00a0\u00bb{}\u00a0\u00bb][\/et_pb_image][\/et_pb_column][et_pb_column type=\u00a0\u00bb1_2&Prime; _builder_version=\u00a0\u00bb4.27.0&Prime; _module_preset=\u00a0\u00bbdefault\u00a0\u00bb global_colors_info=\u00a0\u00bb{}\u00a0\u00bb][et_pb_image src=\u00a0\u00bbhttps:\/\/integriscomposites.com\/wp-content\/uploads\/2024\/11\/ballstic-protection-france-4.jpg\u00a0\u00bb alt=\u00a0\u00bbballstic protection france\u00a0\u00bb title_text=\u00a0\u00bbballstic protection france 4&Prime; _builder_version=\u00a0\u00bb4.27.0&Prime; _module_preset=\u00a0\u00bbdefault\u00a0\u00bb global_colors_info=\u00a0\u00bb{}\u00a0\u00bb][\/et_pb_image][\/et_pb_column][\/et_pb_row][et_pb_row _builder_version=\u00a0\u00bb4.27.0&Prime; _module_preset=\u00a0\u00bbdefault\u00a0\u00bb global_colors_info=\u00a0\u00bb{}\u00a0\u00bb][et_pb_column type=\u00a0\u00bb4_4&Prime; _builder_version=\u00a0\u00bb4.27.0&Prime; _module_preset=\u00a0\u00bbdefault\u00a0\u00bb global_colors_info=\u00a0\u00bb{}\u00a0\u00bb][et_pb_text _builder_version=\u00a0\u00bb4.27.0&Prime; _module_preset=\u00a0\u00bbdefault\u00a0\u00bb global_colors_info=\u00a0\u00bb{}\u00a0\u00bb]<\/p>\n<h3>La durabilit\u00e9 est au c\u0153ur du projet<\/h3>\n<p>Integris Composites a int\u00e9gr\u00e9 le d\u00e9veloppement durable dans sa strat\u00e9gie op\u00e9rationnelle. L&rsquo;utilisation d&rsquo;\u00e9lectricit\u00e9 verte refl\u00e8te la philosophie plus large de l&rsquo;entreprise qui consiste \u00e0 r\u00e9duire la d\u00e9pendance vis-\u00e0-vis des ressources non renouvelables, diminuant ainsi l&rsquo;impact sur la plan\u00e8te. Face \u00e0 la demande croissante de solutions \u00e9nerg\u00e9tiques responsables \u00e0 l&rsquo;\u00e9chelle mondiale, Integris continue de donner un bon exemple de la mani\u00e8re dont les entreprises peuvent aligner la rentabilit\u00e9 sur la gestion de l&rsquo;environnement.  <\/p>\n<p>Le projet fait progresser les objectifs d&rsquo;Integris en mati\u00e8re de d\u00e9veloppement durable tout en donnant l&rsquo;exemple \u00e0 ses pairs en donnant la priorit\u00e9 aux \u00e9nergies renouvelables et en int\u00e9grant les principes ESG dans ses op\u00e9rations.<\/p>\n<p><a href=\"https:\/\/integriscomposites.com\/fr\/gse\/\">Cliquez ici pour en savoir plus sur nos initiatives ESG<\/a>.<\/p>\n<p>[\/et_pb_text][\/et_pb_column][\/et_pb_row][\/et_pb_section][et_pb_section fb_built=\u00a0\u00bb1&Prime; _builder_version=\u00a0\u00bb4.27.0&Prime; _module_preset=\u00a0\u00bbdefault\u00a0\u00bb width=\u00a0\u00bb100%\u00a0\u00bb module_alignment=\u00a0\u00bbcenter\u00a0\u00bb link_option_url=\u00a0\u00bbhttps:\/\/youtu.be\/3jx1p8ZPwaE\u00a0\u00bb global_colors_info=\u00a0\u00bb{}\u00a0\u00bb][\/et_pb_section]<\/p>\n","protected":false},"excerpt":{"rendered":"<p>Integris acc\u00e9l\u00e8re le d\u00e9veloppement durable gr\u00e2ce \u00e0 l&rsquo;initiative de l&rsquo;\u00e9lectricit\u00e9 verte qui r\u00e9duit notre empreinte carbone dans le domaine de la protection balistique.  <\/p>\n","protected":false},"author":2,"featured_media":5296,"comment_status":"closed","ping_status":"closed","sticky":false,"template":"","format":"standard","meta":{"_acf_changed":false,"_et_pb_use_builder":"on","_et_pb_old_content":"","_et_gb_content_width":"","_monsterinsights_skip_tracking":false,"_monsterinsights_sitenote_active":false,"_monsterinsights_sitenote_note":"","_monsterinsights_sitenote_category":0,"footnotes":""},"categories":[32],"tags":[],"class_list":["post-5652","post","type-post","status-publish","format-standard","has-post-thumbnail","hentry","category-non-classifiee"],"acf":[],"aioseo_notices":[],"_links":{"self":[{"href":"https:\/\/integriscomposites.com\/fr\/wp-json\/wp\/v2\/posts\/5652","targetHints":{"allow":["GET"]}}],"collection":[{"href":"https:\/\/integriscomposites.com\/fr\/wp-json\/wp\/v2\/posts"}],"about":[{"href":"https:\/\/integriscomposites.com\/fr\/wp-json\/wp\/v2\/types\/post"}],"author":[{"embeddable":true,"href":"https:\/\/integriscomposites.com\/fr\/wp-json\/wp\/v2\/users\/2"}],"replies":[{"embeddable":true,"href":"https:\/\/integriscomposites.com\/fr\/wp-json\/wp\/v2\/comments?post=5652"}],"version-history":[{"count":5,"href":"https:\/\/integriscomposites.com\/fr\/wp-json\/wp\/v2\/posts\/5652\/revisions"}],"predecessor-version":[{"id":5993,"href":"https:\/\/integriscomposites.com\/fr\/wp-json\/wp\/v2\/posts\/5652\/revisions\/5993"}],"wp:featuredmedia":[{"embeddable":true,"href":"https:\/\/integriscomposites.com\/fr\/wp-json\/wp\/v2\/media\/5296"}],"wp:attachment":[{"href":"https:\/\/integriscomposites.com\/fr\/wp-json\/wp\/v2\/media?parent=5652"}],"wp:term":[{"taxonomy":"category","embeddable":true,"href":"https:\/\/integriscomposites.com\/fr\/wp-json\/wp\/v2\/categories?post=5652"},{"taxonomy":"post_tag","embeddable":true,"href":"https:\/\/integriscomposites.com\/fr\/wp-json\/wp\/v2\/tags?post=5652"}],"curies":[{"name":"wp","href":"https:\/\/api.w.org\/{rel}","templated":true}]}}